[{"@context":"https:\/\/schema.org\/","@type":"Article","@id":"https:\/\/www.e-cvns.cz\/zabradli-a-sklo\/#Article","mainEntityOfPage":"https:\/\/www.e-cvns.cz\/zabradli-a-sklo\/","headline":"Z\u00e1bradl\u00ed a sklo","name":"Z\u00e1bradl\u00ed a sklo","description":"Je opravdu mnoho typ\u016f a designu, jak\u00fd si m\u016f\u017eete vybrat pro sv\u016fj interi\u00e9r anebo tak\u00e9 exteri\u00e9r. Abych pravdu \u0159ekla, tak j\u00e1 sama d\u00e1v\u00e1m osobn\u011b p\u0159ednost takov\u00fdm materi\u00e1l\u016fm, kter\u00e9 se opravdu lehce udr\u017euj\u00ed a nen\u00ed s nimi moc velik\u00e1 pr\u00e1ce. A tak\u00e9 si vzpom\u00edn\u00e1m na tu dobu, kdy se m\u016fj otec rozhodl, \u017ee n\u00e1m ud\u011bl\u00e1 doma [&hellip;]","datePublished":"2023-04-24","dateModified":"2023-06-01","author":{"@type":"Person","@id":"https:\/\/www.e-cvns.cz\/author\/#Person","name":"e-cvns.cz\n","url":"https:\/\/www.e-cvns.cz\/author\/","identifier":1,"image":{"@type":"ImageObject","@id":"https:\/\/secure.gravatar.com\/avatar\/4e1219daed488a40aaae5f3a36d7a332441b6e7a97d465811f6633d3359f64e8?s=96&d=mm&r=g","url":"https:\/\/secure.gravatar.com\/avatar\/4e1219daed488a40aaae5f3a36d7a332441b6e7a97d465811f6633d3359f64e8?s=96&d=mm&r=g","height":96,"width":96}},"publisher":{"@type":"Organization","name":"e-cvns.cz","logo":{"@type":"ImageObject","@id":"\/logo.png","url":"\/logo.png","width":600,"height":60}},"image":{"@type":"ImageObject","@id":"https:\/\/www.e-cvns.cz\/wp-content\/uploads\/architecture-2256489_960_720.jpg","url":"https:\/\/www.e-cvns.cz\/wp-content\/uploads\/architecture-2256489_960_720.jpg","height":0,"width":0},"url":"https:\/\/www.e-cvns.cz\/zabradli-a-sklo\/","about":["Business"],"wordCount":434,"articleBody":"   Je opravdu mnoho typ\u016f a designu, jak\u00fd si m\u016f\u017eete vybrat pro sv\u016fj interi\u00e9r anebo tak\u00e9 exteri\u00e9r. Abych pravdu \u0159ekla, tak j\u00e1 sama d\u00e1v\u00e1m osobn\u011b p\u0159ednost takov\u00fdm materi\u00e1l\u016fm, kter\u00e9 se opravdu lehce udr\u017euj\u00ed a nen\u00ed s nimi moc velik\u00e1 pr\u00e1ce. A tak\u00e9 si vzpom\u00edn\u00e1m na tu dobu, kdy se m\u016fj otec rozhodl, \u017ee n\u00e1m ud\u011bl\u00e1 doma d\u0159ev\u011bn\u00e9 schody, kter\u00e9 vedou z chodby do d\u011btsk\u00e9ho pokoje. My jsme tam d\u0159\u00edve m\u011bli takov\u00e9 oby\u010dejn\u00e9, sice tak\u00e9 d\u0159ev\u011bn\u00e9 schody, ale nebyly v\u016fbec lakovan\u00e9. Tak\u017ee otec se rozhodl, \u017ee je n\u011bjak p\u0159elakuje a tak\u00e9 vyhlad\u00ed, proto\u017ee my jako mal\u00e9 d\u011bti jsme st\u00e1le m\u011bly od t\u011bchto \u0161kared\u00fdch d\u0159ev\u011bn\u00fdch schod\u016f ud\u011blan\u00e9 t\u0159\u00edsky v rukou a nohou, co\u017e bylo v\u017edy velmi nep\u0159\u00edjemn\u00e9.Tak\u017ee opravdu bylo na \u010dase, aby se o tyto d\u0159ev\u011bn\u00e9 \u0161kared\u00e9 schody n\u011bkdo u\u017e postaral. Potom tak\u00e9 moje m\u00e1ma uva\u017eovala a p\u0159em\u00fd\u0161lela nad t\u00edm, jestli si tam d\u00e1me n\u011bjak\u00e9 z\u00e1bradl\u00ed. Sice to nebylo moc vysoko a m\u00edsto z\u00e1bradl\u00ed jsme tam m\u011bli jako z\u00e1brany sk\u0159\u00edn\u011b, tak\u017ee to vypadalo docela bezpe\u010dn\u011b. Jenom\u017ee moje m\u00e1ma mi potom \u0159ekla, \u017ee u\u017e ty velk\u00e9 sk\u0159\u00edn\u011b nechce, \u017ee u\u017e jsou za zenitem a \u017ee by to cht\u011blo n\u011bco nov\u00e9ho. Tak\u017ee potom p\u0159i\u0161lo na starost to, \u017ee se rozm\u00fd\u0161lela i fakta, jak\u00e9 z\u00e1bradl\u00ed si d\u00e1me na schodi\u0161t\u011b. Moje maminka st\u00e1le cht\u011bla sklen\u011bn\u00e9 z\u00e1bradl\u00ed. A m\u011b v t\u00e9 doby bylo u\u017e jeden\u00e1ct let, tak\u017ee u\u017e jsem se docela v designu vyznala.Ne sice odborn\u011b, ale jenom tak okem d\u00edt\u011bte. Mamince jsem \u0159ekla, \u017ee mn\u011b osobn\u011b by se sklen\u011bn\u00e9 z\u00e1bradl\u00ed opravdu hodn\u011b l\u00edbilo, proto\u017ee na sklen\u011bn\u00e9 z\u00e1bradl\u00ed bych si mohla d\u00e1vat samolepky anebo n\u011bco jin\u00e9ho. Nav\u00edc otec st\u00e1le \u0159\u00edkal, \u017ee to nechce ale um\u00fdvat. Maminka se tedy zap\u0159\u00eds\u00e1hla, \u017ee sklen\u011bn\u00e9 z\u00e1bradl\u00ed bude um\u00fdvat \u010dast\u011bji a sama se bude o sklen\u011bn\u00e9 z\u00e1bradl\u00ed starat. Tak\u017ee kdy\u017e to tak vezmu, tak jsme s maminkou vyhr\u00e1ly a opravdu n\u00e1m otec po\u0159\u00eddil kr\u00e1sn\u00e9 pevn\u00e9 sklen\u011bn\u00e9 z\u00e1bradl\u00ed https:\/\/www.kmkdesign.cz\/zabradli-sklenena, kter\u00e9 m\u016f\u017eete poc\u00edtit na webov\u00e9 str\u00e1nce kmdesign.cz.                                                                                                                                                                                                                                                                                                                                                                                           4.5\/5 - (6 votes)        "},{"@context":"https:\/\/schema.org\/","@type":"BreadcrumbList","itemListElement":[{"@type":"ListItem","position":1,"name":"Z\u00e1bradl\u00ed a sklo","item":"https:\/\/www.e-cvns.cz\/zabradli-a-sklo\/#breadcrumbitem"}]}]